{"id":135578,"date":"2026-08-31T14:21:09","date_gmt":"2026-08-31T12:21:09","guid":{"rendered":"https:\/\/www.transport-logistics.be\/un-emballage-plus-intelligent-commence-par-une-vision-globale-de-la-chaine-dapprovisionnement\/"},"modified":"2026-08-31T14:21:11","modified_gmt":"2026-08-31T12:21:11","slug":"un-emballage-plus-intelligent-commence-par-une-vision-globale-de-la-chaine-dapprovisionnement","status":"publish","type":"post","link":"https:\/\/www.transport-logistics.be\/fr\/un-emballage-plus-intelligent-commence-par-une-vision-globale-de-la-chaine-dapprovisionnement\/","title":{"rendered":"Un emballage plus intelligent commence par une vision globale de la cha\u00eene d\u2019approvisionnement"},"content":{"rendered":"\t\t<div data-elementor-type=\"wp-post\" data-elementor-id=\"135578\" class=\"elementor elementor-135578 elementor-135565\" data-elementor-post-type=\"post\">\n\t\t\t\t<div class=\"elementor-element elementor-element-9a5497c e-flex e-con-boxed e-con e-parent\" data-id=\"9a5497c\" data-element_type=\"container\" data-e-type=\"container\">\n\t\t\t\t\t<div class=\"e-con-inner\">\n\t\t\t\t<div class=\"elementor-element elementor-element-5acccb3 elementor-widget elementor-widget-text-editor\" data-id=\"5acccb3\" data-element_type=\"widget\" data-e-type=\"widget\" data-widget_type=\"text-editor.default\">\n\t\t\t\t<div class=\"elementor-widget-container\">\n\t\t\t\t\t\t\t\t\t<p>L\u2019emballage prot\u00e8ge un produit, mais il a \u00e9galement un impact direct sur le transport, le stockage, l\u2019utilisation des mat\u00e9riaux, les co\u00fbts et les \u00e9missions de CO\u2082. Par ailleurs, l\u2019\u00e9volution de la r\u00e9glementation, telle que le r\u00e8glement europ\u00e9en relatif aux emballages et aux d\u00e9chets d\u2019emballages (PPWR), impose de nouveaux d\u00e9fis aux entreprises. Pour optimiser leurs emballages, les entreprises ont donc int\u00e9r\u00eat \u00e0 regarder au-del\u00e0 de la bo\u00eete elle-m\u00eame.<br \/>Nefab aide les entreprises \u00e0 rendre leurs emballages industriels plus intelligents, plus durables et plus rentables. L\u2019entreprise associe la conception d\u2019emballages \u00e0 une expertise logistique, \u00e0 des solutions num\u00e9riques ainsi qu\u2019\u00e0 une plateforme mondiale de fourniture et de services.<\/p>\n\t\t\t\t\t\t\t\t<\/div>\n\t\t\t\t<\/div>\n\t\t\t\t\t<\/div>\n\t\t\t\t<\/div>\n\t\t<div class=\"elementor-element elementor-element-0fbfc4c e-flex e-con-boxed e-con e-parent\" data-id=\"0fbfc4c\" data-element_type=\"container\" data-e-type=\"container\">\n\t\t\t\t\t<div class=\"e-con-inner\">\n\t\t\t\t<div class=\"elementor-element elementor-element-3a97f05 elementor-widget elementor-widget-heading\" data-id=\"3a97f05\" data-element_type=\"widget\" data-e-type=\"widget\" data-widget_type=\"heading.default\">\n\t\t\t\t<div class=\"elementor-widget-container\">\n\t\t\t\t\t<h2 class=\"elementor-heading-title elementor-size-default\">De l\u2019emballage \u00e0 l\u2019optimisation globale<\/h2>\t\t\t\t<\/div>\n\t\t\t\t<\/div>\n\t\t\t\t\t<\/div>\n\t\t\t\t<\/div>\n\t\t<div class=\"elementor-element elementor-element-dc8a486 e-flex e-con-boxed e-con e-parent\" data-id=\"dc8a486\" data-element_type=\"container\" data-e-type=\"container\">\n\t\t\t\t\t<div class=\"e-con-inner\">\n\t\t\t\t<div class=\"elementor-element elementor-element-e2743de elementor-widget elementor-widget-text-editor\" data-id=\"e2743de\" data-element_type=\"widget\" data-e-type=\"widget\" data-widget_type=\"text-editor.default\">\n\t\t\t\t<div class=\"elementor-widget-container\">\n\t\t\t\t\t\t\t\t\t<p>Nefab con\u00e7oit des solutions d\u2019emballage adapt\u00e9es aux besoins sp\u00e9cifiques de chaque entreprise, d\u00e9veloppe des prototypes et les teste de mani\u00e8re approfondie. Diff\u00e9rents mat\u00e9riaux peuvent \u00eatre envisag\u00e9s, allant des solutions \u00e0 base de fibres et de bois au contreplaqu\u00e9 et aux emballages r\u00e9utilisables en plastique.<br \/>L\u2019approche ne s\u2019arr\u00eate pas \u00e0 la conception de l\u2019emballage. En tenant \u00e9galement compte du transport, de la manutention et d\u2019autres processus logistiques, Nefab recherche des possibilit\u00e9s d\u2019optimisation sur l\u2019ensemble de la cha\u00eene d\u2019approvisionnement. Selon Nefab, ses solutions d\u2019emballage industriel peuvent r\u00e9duire les co\u00fbts totaux de 20 % en moyenne et les \u00e9missions de CO\u2082 de 31 %.<br \/>La technologie num\u00e9rique ajoute une dimension suppl\u00e9mentaire. Le suivi et la tra\u00e7abilit\u00e9, ainsi que les informations logistiques en temps r\u00e9el, offrent aux entreprises une plus grande transparence sur leur cha\u00eene d\u2019approvisionnement mondiale. Gr\u00e2ce \u00e0 LCA GreenCalc, Nefab \u00e9value \u00e9galement les co\u00fbts totaux et les \u00e9conomies de CO\u2082 associ\u00e9s aux diff\u00e9rentes solutions d\u2019emballage.<\/p>\n\t\t\t\t\t\t\t\t<\/div>\n\t\t\t\t<\/div>\n\t\t\t\t\t<\/div>\n\t\t\t\t<\/div>\n\t\t<div class=\"elementor-element elementor-element-b8ffbde e-flex e-con-boxed e-con e-parent\" data-id=\"b8ffbde\" data-element_type=\"container\" data-e-type=\"container\">\n\t\t\t\t\t<div class=\"e-con-inner\">\n\t\t\t\t<div class=\"elementor-element elementor-element-0c842c9 elementor-widget elementor-widget-heading\" data-id=\"0c842c9\" data-element_type=\"widget\" data-e-type=\"widget\" data-widget_type=\"heading.default\">\n\t\t\t\t<div class=\"elementor-widget-container\">\n\t\t\t\t\t<h2 class=\"elementor-heading-title elementor-size-default\">Votre emballage \u00e0 la loupe<\/h2>\t\t\t\t<\/div>\n\t\t\t\t<\/div>\n\t\t\t\t\t<\/div>\n\t\t\t\t<\/div>\n\t\t<div class=\"elementor-element elementor-element-afe4605 e-flex e-con-boxed e-con e-parent\" data-id=\"afe4605\" data-element_type=\"container\" data-e-type=\"container\">\n\t\t\t\t\t<div class=\"e-con-inner\">\n\t\t\t\t<div class=\"elementor-element elementor-element-5d78587 elementor-widget elementor-widget-text-editor\" data-id=\"5d78587\" data-element_type=\"widget\" data-e-type=\"widget\" data-widget_type=\"text-editor.default\">\n\t\t\t\t<div class=\"elementor-widget-container\">\n\t\t\t\t\t\t\t\t\t<div>La Packaging Assessment de Nefab est un moyen concret d\u2019identifier les possibilit\u00e9s d\u2019am\u00e9lioration. Dans ce cadre, l\u2019entreprise analyse les emballages sur site et examine les possibilit\u00e9s de r\u00e9duire l\u2019utilisation de mat\u00e9riaux, les co\u00fbts de transport et de traitement, les d\u00e9chets et les dommages aux produits.<\/div>\n<p><\/p>\n<div>La conformit\u00e9 fait \u00e9galement partie de l\u2019analyse. Les entreprises obtiennent une vision claire des \u00e9ventuelles lacunes par rapport \u00e0 la r\u00e9glementation actuelle et future en mati\u00e8re d\u2019emballages, y compris le PPWR. Parall\u00e8lement, cette \u00e9valuation peut servir de base \u00e0 la cr\u00e9ation d\u2019une base de donn\u00e9es d\u2019emballages pour l\u2019ensemble du site. Les organisations disposent ainsi d\u2019un point de d\u00e9part concret pour r\u00e9duire leurs co\u00fbts, soutenir leurs objectifs de durabilit\u00e9 et limiter le risque d\u2019amendes ou de retards li\u00e9s \u00e0 des emballages non conformes.<\/div>\n<p><\/p>\n<div>Lors de Transport &amp; Logistics, Nefab pr\u00e9sentera sur le stand 1327 les derni\u00e8res \u00e9volutions en mati\u00e8re d\u2019emballage industriel et de r\u00e9glementation des emballages. Les visiteurs y d\u00e9couvriront diff\u00e9rents mat\u00e9riaux, des exemples pratiques et des solutions associant protection des produits, r\u00e9duction de l\u2019utilisation des mat\u00e9riaux, baisse des co\u00fbts et diminution de l\u2019impact CO\u2082.<\/div>\n<p><\/p>\n<div><\/div>\n<p><\/p>\n<div>Plus d\u2019informations sur <a href=\"https:\/\/www.nefab.com\">https:\/\/www.nefab.com<\/a>.<\/div>\n\t\t\t\t\t\t\t\t<\/div>\n\t\t\t\t<\/div>\n\t\t\t\t\t<\/div>\n\t\t\t\t<\/div>\n\t\t\t\t<\/div>\n\t\t","protected":false},"excerpt":{"rendered":"<p>L\u2019emballage prot\u00e8ge un produit, mais il a \u00e9galement un impact direct sur le transport, le stockage, l\u2019utilisation des mat\u00e9riaux, les co\u00fbts et les \u00e9missions de CO\u2082. Par ailleurs, l\u2019\u00e9volution de la r\u00e9glementation, telle que le r\u00e8glement europ\u00e9en relatif aux emballages et aux d\u00e9chets d\u2019emballages (PPWR), impose de nouveaux d\u00e9fis aux entreprises. Pour optimiser leurs emballages, [&hellip;]<\/p>\n","protected":false},"author":1651,"featured_media":135569,"comment_status":"closed","ping_status":"open","sticky":false,"template":"elementor_theme","format":"standard","meta":{"_seopress_titles_title":"Un emballage plus intelligent commence par une vision globale de la cha\u00eene d\u2019approvisionnement","_seopress_titles_desc":"Nefab","_seopress_robots_index":"","_seopress_robots_follow":"","_seopress_robots_imageindex":"","_seopress_robots_snippet":"","_seopress_robots_primary_cat":"none","_seopress_robots_breadcrumbs":"","_seopress_robots_freeze_modified_date":"","_seopress_robots_custom_modified_date":"","_seopress_robots_canonical":"","_seopress_social_fb_title":"","_seopress_social_fb_desc":"","_seopress_social_fb_img":"","_seopress_social_fb_img_attachment_id":0,"_seopress_social_fb_img_width":0,"_seopress_social_fb_img_height":0,"_seopress_social_twitter_title":"","_seopress_social_twitter_desc":"","_seopress_social_twitter_img":"","_seopress_social_twitter_img_attachment_id":0,"_seopress_social_twitter_img_width":0,"_seopress_social_twitter_img_height":0,"_seopress_redirections_value":"","_seopress_redirections_enabled":"","_seopress_redirections_enabled_regex":"","_seopress_redirections_logged_status":"both","_seopress_redirections_param":"","_seopress_redirections_type":301,"_seopress_analysis_target_kw":"","_seopress_news_disabled":"","_seopress_video_disabled":"","_seopress_video":[],"_seopress_pro_schemas_manual":[],"_seopress_pro_rich_snippets_disable_all":"","_seopress_pro_rich_snippets_disable":[],"_seopress_pro_schemas":[],"footnotes":""},"categories":[308],"tags":[],"edition":[529],"class_list":["post-135578","post","type-post","status-publish","format-standard","has-post-thumbnail","hentry","category-insights-fr","edition-tl-gent-2026"],"_links":{"self":[{"href":"https:\/\/www.transport-logistics.be\/fr\/wp-json\/wp\/v2\/posts\/135578","targetHints":{"allow":["GET"]}}],"collection":[{"href":"https:\/\/www.transport-logistics.be\/fr\/wp-json\/wp\/v2\/posts"}],"about":[{"href":"https:\/\/www.transport-logistics.be\/fr\/wp-json\/wp\/v2\/types\/post"}],"author":[{"embeddable":true,"href":"https:\/\/www.transport-logistics.be\/fr\/wp-json\/wp\/v2\/users\/1651"}],"replies":[{"embeddable":true,"href":"https:\/\/www.transport-logistics.be\/fr\/wp-json\/wp\/v2\/comments?post=135578"}],"version-history":[{"count":1,"href":"https:\/\/www.transport-logistics.be\/fr\/wp-json\/wp\/v2\/posts\/135578\/revisions"}],"predecessor-version":[{"id":135579,"href":"https:\/\/www.transport-logistics.be\/fr\/wp-json\/wp\/v2\/posts\/135578\/revisions\/135579"}],"wp:featuredmedia":[{"embeddable":true,"href":"https:\/\/www.transport-logistics.be\/fr\/wp-json\/wp\/v2\/media\/135569"}],"wp:attachment":[{"href":"https:\/\/www.transport-logistics.be\/fr\/wp-json\/wp\/v2\/media?parent=135578"}],"wp:term":[{"taxonomy":"category","embeddable":true,"href":"https:\/\/www.transport-logistics.be\/fr\/wp-json\/wp\/v2\/categories?post=135578"},{"taxonomy":"post_tag","embeddable":true,"href":"https:\/\/www.transport-logistics.be\/fr\/wp-json\/wp\/v2\/tags?post=135578"},{"taxonomy":"edition","embeddable":true,"href":"https:\/\/www.transport-logistics.be\/fr\/wp-json\/wp\/v2\/edition?post=135578"}],"curies":[{"name":"wp","href":"https:\/\/api.w.org\/{rel}","templated":true}]}}