{"id":135592,"date":"2026-08-31T14:31:39","date_gmt":"2026-08-31T12:31:39","guid":{"rendered":"https:\/\/www.transport-logistics.be\/securite-autour-des-chariots-elevateurs-une-technologie-qui-voit-ce-qui-compte-vraiment\/"},"modified":"2026-08-31T14:31:41","modified_gmt":"2026-08-31T12:31:41","slug":"securite-autour-des-chariots-elevateurs-une-technologie-qui-voit-ce-qui-compte-vraiment","status":"publish","type":"post","link":"https:\/\/www.transport-logistics.be\/fr\/securite-autour-des-chariots-elevateurs-une-technologie-qui-voit-ce-qui-compte-vraiment\/","title":{"rendered":"S\u00e9curit\u00e9 autour des chariots \u00e9l\u00e9vateurs : une technologie qui voit ce qui compte vraiment"},"content":{"rendered":"\t\t<div data-elementor-type=\"wp-post\" data-elementor-id=\"135592\" class=\"elementor elementor-135592 elementor-135541\" data-elementor-post-type=\"post\">\n\t\t\t\t<div class=\"elementor-element elementor-element-9a5497c e-flex e-con-boxed e-con e-parent\" data-id=\"9a5497c\" data-element_type=\"container\" data-e-type=\"container\">\n\t\t\t\t\t<div class=\"e-con-inner\">\n\t\t\t\t<div class=\"elementor-element elementor-element-5acccb3 elementor-widget elementor-widget-text-editor\" data-id=\"5acccb3\" data-element_type=\"widget\" data-e-type=\"widget\" data-widget_type=\"text-editor.default\">\n\t\t\t\t<div class=\"elementor-widget-container\">\n\t\t\t\t\t\t\t\t\t<div>Lorsque les personnes et les moyens de transport interne partagent le m\u00eame espace de travail, la s\u00e9curit\u00e9 reste un d\u00e9fi quotidien. Les chariots \u00e9l\u00e9vateurs et les machines circulent entre les rayonnages, les marchandises et les collaborateurs, alors qu\u2019un seul instant d\u2019inattention peut avoir de lourdes cons\u00e9quences. Esquenet utilise donc la technologie pour sensibiliser plus rapidement les conducteurs et les pi\u00e9tons aux risques potentiels.<\/div>\n<p><\/p>\n<div>Avec ESQOview+, Esquenet propose un syst\u00e8me de cam\u00e9ras qui utilise l\u2019intelligence artificielle pour d\u00e9tecter les personnes autour des v\u00e9hicules et des machines. Le syst\u00e8me se concentre sp\u00e9cifiquement sur les personnes et les diff\u00e9rencie d\u2019autres objets, tels que les palettes, les rayonnages et les v\u00e9hicules.<\/div>\n\t\t\t\t\t\t\t\t<\/div>\n\t\t\t\t<\/div>\n\t\t\t\t\t<\/div>\n\t\t\t\t<\/div>\n\t\t<div class=\"elementor-element elementor-element-0fbfc4c e-flex e-con-boxed e-con e-parent\" data-id=\"0fbfc4c\" data-element_type=\"container\" data-e-type=\"container\">\n\t\t\t\t\t<div class=\"e-con-inner\">\n\t\t\t\t<div class=\"elementor-element elementor-element-3a97f05 elementor-widget elementor-widget-heading\" data-id=\"3a97f05\" data-element_type=\"widget\" data-e-type=\"widget\" data-widget_type=\"heading.default\">\n\t\t\t\t<div class=\"elementor-widget-container\">\n\t\t\t\t\t<h2 class=\"elementor-heading-title elementor-size-default\">Avertir l\u00e0 o\u00f9 le risque appara\u00eet<\/h2>\t\t\t\t<\/div>\n\t\t\t\t<\/div>\n\t\t\t\t\t<\/div>\n\t\t\t\t<\/div>\n\t\t<div class=\"elementor-element elementor-element-dc8a486 e-flex e-con-boxed e-con e-parent\" data-id=\"dc8a486\" data-element_type=\"container\" data-e-type=\"container\">\n\t\t\t\t\t<div class=\"e-con-inner\">\n\t\t\t\t<div class=\"elementor-element elementor-element-e2743de elementor-widget elementor-widget-text-editor\" data-id=\"e2743de\" data-element_type=\"widget\" data-e-type=\"widget\" data-widget_type=\"text-editor.default\">\n\t\t\t\t<div class=\"elementor-widget-container\">\n\t\t\t\t\t\t\t\t\t<p>D\u00e8s qu\u2019ESQOview+ d\u00e9tecte une personne dans une zone \u00e0 risque, le syst\u00e8me avertit \u00e0 la fois le conducteur et le pi\u00e9ton. Cette d\u00e9tection cibl\u00e9e contribue \u00e0 r\u00e9duire le risque de collision, sans exposer continuellement les utilisateurs \u00e0 des alertes li\u00e9es \u00e0 des objets non pertinents.<br \/>La visibilit\u00e9 \u00e0 360\u00b0 autour des v\u00e9hicules et des machines permet \u00e9galement de r\u00e9duire autant que possible les angles morts. La solution convient ainsi aux environnements o\u00f9 les personnes et les machines travaillent en \u00e9troite proximit\u00e9, notamment les entrep\u00f4ts, les entreprises logistiques et les sites de production.<\/p>\n\t\t\t\t\t\t\t\t<\/div>\n\t\t\t\t<\/div>\n\t\t\t\t\t<\/div>\n\t\t\t\t<\/div>\n\t\t<div class=\"elementor-element elementor-element-b8ffbde e-flex e-con-boxed e-con e-parent\" data-id=\"b8ffbde\" data-element_type=\"container\" data-e-type=\"container\">\n\t\t\t\t\t<div class=\"e-con-inner\">\n\t\t\t\t<div class=\"elementor-element elementor-element-0c842c9 elementor-widget elementor-widget-heading\" data-id=\"0c842c9\" data-element_type=\"widget\" data-e-type=\"widget\" data-widget_type=\"heading.default\">\n\t\t\t\t<div class=\"elementor-widget-container\">\n\t\t\t\t\t<h2 class=\"elementor-heading-title elementor-size-default\">Une IA qui accompagne le conducteur<\/h2>\t\t\t\t<\/div>\n\t\t\t\t<\/div>\n\t\t\t\t\t<\/div>\n\t\t\t\t<\/div>\n\t\t<div class=\"elementor-element elementor-element-afe4605 e-flex e-con-boxed e-con e-parent\" data-id=\"afe4605\" data-element_type=\"container\" data-e-type=\"container\">\n\t\t\t\t\t<div class=\"e-con-inner\">\n\t\t\t\t<div class=\"elementor-element elementor-element-5d78587 elementor-widget elementor-widget-text-editor\" data-id=\"5d78587\" data-element_type=\"widget\" data-e-type=\"widget\" data-widget_type=\"text-editor.default\">\n\t\t\t\t<div class=\"elementor-widget-container\">\n\t\t\t\t\t\t\t\t\t<div>L\u2019intelligence artificielle int\u00e9gr\u00e9e \u00e0 ESQOview+ s\u2019adapte \u00e0 l\u2019environnement de travail. Esquenet entend ainsi limiter le nombre de fausses alertes et aider les conducteurs gr\u00e2ce \u00e0 des avertissements r\u00e9ellement utiles.<\/div>\n<p><\/p>\n<div>ESQOview+ peut \u00eatre install\u00e9 tant sur des chariots \u00e9l\u00e9vateurs et machines neufs que sur des \u00e9quipements existants. Les entreprises peuvent donc int\u00e9grer cette technologie \u00e0 leur flotte actuelle, sans devoir renouveler l\u2019ensemble de leur parc de machines.<\/div>\n<p><\/p>\n<div>L\u2019id\u00e9e sous-jacente est simple : la s\u00e9curit\u00e9 ne doit pas d\u00e9pendre uniquement de l\u2019attention d\u2019un seul conducteur ou collaborateur. La technologie peut constituer une paire d\u2019yeux suppl\u00e9mentaire et aider chacun \u00e0 r\u00e9agir plus rapidement aux situations \u00e0 risque.<\/div>\n<p><\/p>\n<div>Lors de Transport &amp; Logistics 2026, Esquenet montrera sur le stand 1210 comment ESQOview+ permet aux personnes et aux machines de collaborer de mani\u00e8re plus s\u00fbre, et comment la d\u00e9tection intelligente peut ajouter une couche de s\u00e9curit\u00e9 suppl\u00e9mentaire dans les environnements de travail tr\u00e8s fr\u00e9quent\u00e9s.<\/div>\n<p><\/p>\n<div><\/div>\n<p><\/p>\n<div>Pour plus d\u2019informations, rendez-vous sur <a href=\"http:\/\/www.esquenet.be\">www.esquenet.be<\/a>.<\/div>\n\t\t\t\t\t\t\t\t<\/div>\n\t\t\t\t<\/div>\n\t\t\t\t\t<\/div>\n\t\t\t\t<\/div>\n\t\t\t\t<\/div>\n\t\t","protected":false},"excerpt":{"rendered":"<p>Lorsque les personnes et les moyens de transport interne partagent le m\u00eame espace de travail, la s\u00e9curit\u00e9 reste un d\u00e9fi quotidien. Les chariots \u00e9l\u00e9vateurs et les machines circulent entre les rayonnages, les marchandises et les collaborateurs, alors qu\u2019un seul instant d\u2019inattention peut avoir de lourdes cons\u00e9quences. Esquenet utilise donc la technologie pour sensibiliser plus rapidement [&hellip;]<\/p>\n","protected":false},"author":1651,"featured_media":135545,"comment_status":"closed","ping_status":"open","sticky":false,"template":"elementor_theme","format":"standard","meta":{"_seopress_titles_title":"S\u00e9curit\u00e9 autour des chariots \u00e9l\u00e9vateurs : une technologie qui voit ce qui compte vraiment","_seopress_titles_desc":"Esquenet","_seopress_robots_index":"","_seopress_robots_follow":"","_seopress_robots_imageindex":"","_seopress_robots_snippet":"","_seopress_robots_primary_cat":"none","_seopress_robots_breadcrumbs":"","_seopress_robots_freeze_modified_date":"","_seopress_robots_custom_modified_date":"","_seopress_robots_canonical":"","_seopress_social_fb_title":"","_seopress_social_fb_desc":"","_seopress_social_fb_img":"","_seopress_social_fb_img_attachment_id":0,"_seopress_social_fb_img_width":0,"_seopress_social_fb_img_height":0,"_seopress_social_twitter_title":"","_seopress_social_twitter_desc":"","_seopress_social_twitter_img":"","_seopress_social_twitter_img_attachment_id":0,"_seopress_social_twitter_img_width":0,"_seopress_social_twitter_img_height":0,"_seopress_redirections_value":"","_seopress_redirections_enabled":"","_seopress_redirections_enabled_regex":"","_seopress_redirections_logged_status":"both","_seopress_redirections_param":"","_seopress_redirections_type":301,"_seopress_analysis_target_kw":"","_seopress_news_disabled":"","_seopress_video_disabled":"","_seopress_video":[],"_seopress_pro_schemas_manual":[],"_seopress_pro_rich_snippets_disable_all":"","_seopress_pro_rich_snippets_disable":[],"_seopress_pro_schemas":[],"footnotes":""},"categories":[308],"tags":[],"edition":[529],"class_list":["post-135592","post","type-post","status-publish","format-standard","has-post-thumbnail","hentry","category-insights-fr","edition-tl-gent-2026"],"_links":{"self":[{"href":"https:\/\/www.transport-logistics.be\/fr\/wp-json\/wp\/v2\/posts\/135592","targetHints":{"allow":["GET"]}}],"collection":[{"href":"https:\/\/www.transport-logistics.be\/fr\/wp-json\/wp\/v2\/posts"}],"about":[{"href":"https:\/\/www.transport-logistics.be\/fr\/wp-json\/wp\/v2\/types\/post"}],"author":[{"embeddable":true,"href":"https:\/\/www.transport-logistics.be\/fr\/wp-json\/wp\/v2\/users\/1651"}],"replies":[{"embeddable":true,"href":"https:\/\/www.transport-logistics.be\/fr\/wp-json\/wp\/v2\/comments?post=135592"}],"version-history":[{"count":1,"href":"https:\/\/www.transport-logistics.be\/fr\/wp-json\/wp\/v2\/posts\/135592\/revisions"}],"predecessor-version":[{"id":135593,"href":"https:\/\/www.transport-logistics.be\/fr\/wp-json\/wp\/v2\/posts\/135592\/revisions\/135593"}],"wp:featuredmedia":[{"embeddable":true,"href":"https:\/\/www.transport-logistics.be\/fr\/wp-json\/wp\/v2\/media\/135545"}],"wp:attachment":[{"href":"https:\/\/www.transport-logistics.be\/fr\/wp-json\/wp\/v2\/media?parent=135592"}],"wp:term":[{"taxonomy":"category","embeddable":true,"href":"https:\/\/www.transport-logistics.be\/fr\/wp-json\/wp\/v2\/categories?post=135592"},{"taxonomy":"post_tag","embeddable":true,"href":"https:\/\/www.transport-logistics.be\/fr\/wp-json\/wp\/v2\/tags?post=135592"},{"taxonomy":"edition","embeddable":true,"href":"https:\/\/www.transport-logistics.be\/fr\/wp-json\/wp\/v2\/edition?post=135592"}],"curies":[{"name":"wp","href":"https:\/\/api.w.org\/{rel}","templated":true}]}}