{"id":135596,"date":"2026-08-31T14:35:24","date_gmt":"2026-08-31T12:35:24","guid":{"rendered":"https:\/\/www.transport-logistics.be\/qui-deviendra-le-createur-dambiance-du-secteur\/"},"modified":"2026-08-31T14:35:25","modified_gmt":"2026-08-31T12:35:25","slug":"qui-deviendra-le-createur-dambiance-du-secteur","status":"publish","type":"post","link":"https:\/\/www.transport-logistics.be\/fr\/qui-deviendra-le-createur-dambiance-du-secteur\/","title":{"rendered":"Qui deviendra le \u00ab cr\u00e9ateur d\u2019ambiance du secteur \u00bb ?"},"content":{"rendered":"\t\t<div data-elementor-type=\"wp-post\" data-elementor-id=\"135596\" class=\"elementor elementor-135596 elementor-135536\" data-elementor-post-type=\"post\">\n\t\t\t\t<div class=\"elementor-element elementor-element-9a5497c e-flex e-con-boxed e-con e-parent\" data-id=\"9a5497c\" data-element_type=\"container\" data-e-type=\"container\">\n\t\t\t\t\t<div class=\"e-con-inner\">\n\t\t\t\t<div class=\"elementor-element elementor-element-5acccb3 elementor-widget elementor-widget-text-editor\" data-id=\"5acccb3\" data-element_type=\"widget\" data-e-type=\"widget\" data-widget_type=\"text-editor.default\">\n\t\t\t\t<div class=\"elementor-widget-container\">\n\t\t\t\t\t\t\t\t\t<div><strong>Conduire un chariot \u00e9l\u00e9vateur demande de la pr\u00e9cision, de l\u2019anticipation et, surtout, une grande attention \u00e0 la s\u00e9curit\u00e9. Mais que se passe-t-il lorsqu\u2019on y ajoute une bonne dose de flair et d\u2019ambiance ? Lors de Transport &amp; Logistics 2026 \u00e0 Gand, les caristes auront l\u2019occasion de d\u00e9montrer leur savoir-faire pendant \u00ab Komen Rijden \u00bb, un nouveau concours qui fait un clin d\u2019\u0153il \u00e0 l\u2019\u00e9mission de t\u00e9l\u00e9vision bien connue Komen Eten.<\/strong><\/div>\n<p><\/p>\n<div><\/div>\n<p><\/p>\n<div>Pour cette initiative, l\u2019organisateur d\u2019\u00e9v\u00e9nements Easyfairs, Atrium Opleidingen et TVH Equipment unissent leurs forces. Ensemble, ils recherchent des caristes talentueux, capables d\u2019allier ma\u00eetrise technique, enthousiasme et personnalit\u00e9. L\u2019enjeu ? Le titre de \u00ab cr\u00e9ateur d\u2019ambiance du secteur \u00bb.<\/div>\n\t\t\t\t\t\t\t\t<\/div>\n\t\t\t\t<\/div>\n\t\t\t\t\t<\/div>\n\t\t\t\t<\/div>\n\t\t<div class=\"elementor-element elementor-element-0fbfc4c e-flex e-con-boxed e-con e-parent\" data-id=\"0fbfc4c\" data-element_type=\"container\" data-e-type=\"container\">\n\t\t\t\t\t<div class=\"e-con-inner\">\n\t\t\t\t<div class=\"elementor-element elementor-element-3a97f05 elementor-widget elementor-widget-heading\" data-id=\"3a97f05\" data-element_type=\"widget\" data-e-type=\"widget\" data-widget_type=\"heading.default\">\n\t\t\t\t<div class=\"elementor-widget-container\">\n\t\t\t\t\t<h2 class=\"elementor-heading-title elementor-size-default\">Parcourir le circuit avec agilit\u00e9 et en toute s\u00e9curit\u00e9<\/h2>\t\t\t\t<\/div>\n\t\t\t\t<\/div>\n\t\t\t\t\t<\/div>\n\t\t\t\t<\/div>\n\t\t<div class=\"elementor-element elementor-element-dc8a486 e-flex e-con-boxed e-con e-parent\" data-id=\"dc8a486\" data-element_type=\"container\" data-e-type=\"container\">\n\t\t\t\t\t<div class=\"e-con-inner\">\n\t\t\t\t<div class=\"elementor-element elementor-element-e2743de elementor-widget elementor-widget-text-editor\" data-id=\"e2743de\" data-element_type=\"widget\" data-e-type=\"widget\" data-widget_type=\"text-editor.default\">\n\t\t\t\t<div class=\"elementor-widget-container\">\n\t\t\t\t\t\t\t\t\t<div>Lors de Komen Rijden, les participants devront parcourir un circuit exigeant sur l\u2019espace de l\u2019\u00e9v\u00e9nement, \u00e0 bord des chariots \u00e9l\u00e9vateurs de TVH Equipment. La vitesse ne sera pas le seul crit\u00e8re. L\u2019agilit\u00e9 technique et la s\u00e9curit\u00e9 de conduite joueront \u00e9galement un r\u00f4le important dans l\u2019\u00e9valuation.<\/div>\n<p><\/p>\n<div><\/div>\n<p><\/p>\n<div>Atrium Opleidingen assurera l\u2019\u00e9valuation professionnelle et veillera \u00e0 ce que la s\u00e9curit\u00e9 reste au c\u0153ur du concours. Un message essentiel prend ainsi une forme ludique : bien travailler avec un chariot \u00e9l\u00e9vateur ne consiste pas uniquement \u00e0 d\u00e9placer une charge d\u2019un point A \u00e0 un point B, mais aussi \u00e0 faire preuve de ma\u00eetrise, de pr\u00e9cision et de comportements s\u00fbrs.<\/div>\n<p><\/p>\n<div><\/div>\n<p><\/p>\n<div>Et, tout comme dans Komen Eten, la performance technique n\u2019est pas le seul \u00e9l\u00e9ment pris en compte. Les candidats pourront \u00e9galement r\u00e9v\u00e9ler leur personnalit\u00e9. Le flair, l\u2019hospitalit\u00e9 et surtout l\u2019ambiance qu\u2019ils cr\u00e9eront autour de leur participation contribueront \u00e0 d\u00e9terminer qui remportera finalement le titre.<\/div>\n\t\t\t\t\t\t\t\t<\/div>\n\t\t\t\t<\/div>\n\t\t\t\t\t<\/div>\n\t\t\t\t<\/div>\n\t\t<div class=\"elementor-element elementor-element-b8ffbde e-flex e-con-boxed e-con e-parent\" data-id=\"b8ffbde\" data-element_type=\"container\" data-e-type=\"container\">\n\t\t\t\t\t<div class=\"e-con-inner\">\n\t\t\t\t<div class=\"elementor-element elementor-element-0c842c9 elementor-widget elementor-widget-heading\" data-id=\"0c842c9\" data-element_type=\"widget\" data-e-type=\"widget\" data-widget_type=\"heading.default\">\n\t\t\t\t<div class=\"elementor-widget-container\">\n\t\t\t\t\t<h2 class=\"elementor-heading-title elementor-size-default\">Le savoir-faire professionnel dans une ambiance conviviale<\/h2>\t\t\t\t<\/div>\n\t\t\t\t<\/div>\n\t\t\t\t\t<\/div>\n\t\t\t\t<\/div>\n\t\t<div class=\"elementor-element elementor-element-afe4605 e-flex e-con-boxed e-con e-parent\" data-id=\"afe4605\" data-element_type=\"container\" data-e-type=\"container\">\n\t\t\t\t\t<div class=\"e-con-inner\">\n\t\t\t\t<div class=\"elementor-element elementor-element-5d78587 elementor-widget elementor-widget-text-editor\" data-id=\"5d78587\" data-element_type=\"widget\" data-e-type=\"widget\" data-widget_type=\"text-editor.default\">\n\t\t\t\t<div class=\"elementor-widget-container\">\n\t\t\t\t\t\t\t\t\t<div>\n<div>\n<div>\n<div>\n<div>\n<div>\n<div>\n<div>\n<div>\n<div>\n<div>\n<div>Avec Komen Rijden, Easyfairs, Atrium Opleidingen et TVH Equipment mettent \u00e0 l\u2019honneur les personnes qui font vivre les op\u00e9rations logistiques. Les caristes jouent chaque jour un r\u00f4le essentiel dans les entrep\u00f4ts et les environnements logistiques. Lors de Transport &amp; Logistics, ils disposeront d\u2019une v\u00e9ritable sc\u00e8ne pour d\u00e9montrer leur savoir-faire.<\/div>\n<p><\/p>\n<div><\/div>\n<p><\/p>\n<div>La zone Komen Rijden r\u00e9unit comp\u00e9tition, s\u00e9curit\u00e9 et exp\u00e9rience sur l\u2019espace de l\u2019\u00e9v\u00e9nement. Les visiteurs pourront encourager les participants et d\u00e9couvrir qui parvient le mieux \u00e0 associer pr\u00e9cision, conduite s\u00fbre et sens de l\u2019ambiance.<\/div>\n<p><\/p>\n<div><\/div>\n<p><\/p>\n<div>Vous souhaitez participer ? Les inscriptions pour les caristes sont ouvertes. Davantage d\u2019informations sur les modalit\u00e9s de participation et le r\u00e8glement du concours sont disponibles aupr\u00e8s de l\u2019\u00e9quipe organisatrice.<\/div>\n<p><\/p>\n<div><\/div>\n<p><\/p>\n<div>Pour plus d\u2019informations sur les formations d\u2019Atrium Opleidingen, rendez-vous sur le stand 1550 ou consultez <a href=\"https:\/\/www.atriumopleidingen.be\/komen-rijden\/\">https:\/\/www.atriumopleidingen.be\/komen-rijden\/<\/a>.<\/div>\n<p><\/div>\n<p><\/div>\n<p><\/div>\n<p><\/div>\n<p><\/div>\n<p><\/div>\n<p><\/div>\n<p><\/div>\n<p><\/div>\n<p><\/p>\n<div><\/div>\n<p><\/div>\n<p><\/div>\n<p><\/p>\n<div>\n<div>\n<div>\n<div><\/div>\n<p><\/div>\n<p><\/div>\n<p><\/div>\n\t\t\t\t\t\t\t\t<\/div>\n\t\t\t\t<\/div>\n\t\t\t\t\t<\/div>\n\t\t\t\t<\/div>\n\t\t\t\t<\/div>\n\t\t","protected":false},"excerpt":{"rendered":"<p>Conduire un chariot \u00e9l\u00e9vateur demande de la pr\u00e9cision, de l\u2019anticipation et, surtout, une grande attention \u00e0 la s\u00e9curit\u00e9. Mais que se passe-t-il lorsqu\u2019on y ajoute une bonne dose de flair et d\u2019ambiance ? Lors de Transport &amp; Logistics 2026 \u00e0 Gand, les caristes auront l\u2019occasion de d\u00e9montrer leur savoir-faire pendant \u00ab Komen Rijden \u00bb, un [&hellip;]<\/p>\n","protected":false},"author":1651,"featured_media":135533,"comment_status":"closed","ping_status":"open","sticky":false,"template":"elementor_theme","format":"standard","meta":{"_seopress_titles_title":"Qui deviendra le \u00ab cr\u00e9ateur d\u2019ambiance du secteur \u00bb ?","_seopress_titles_desc":"Atrium Opleidingen","_seopress_robots_index":"","_seopress_robots_follow":"","_seopress_robots_imageindex":"","_seopress_robots_snippet":"","_seopress_robots_primary_cat":"none","_seopress_robots_breadcrumbs":"","_seopress_robots_freeze_modified_date":"","_seopress_robots_custom_modified_date":"","_seopress_robots_canonical":"","_seopress_social_fb_title":"","_seopress_social_fb_desc":"","_seopress_social_fb_img":"","_seopress_social_fb_img_attachment_id":0,"_seopress_social_fb_img_width":0,"_seopress_social_fb_img_height":0,"_seopress_social_twitter_title":"","_seopress_social_twitter_desc":"","_seopress_social_twitter_img":"","_seopress_social_twitter_img_attachment_id":0,"_seopress_social_twitter_img_width":0,"_seopress_social_twitter_img_height":0,"_seopress_redirections_value":"","_seopress_redirections_enabled":"","_seopress_redirections_enabled_regex":"","_seopress_redirections_logged_status":"both","_seopress_redirections_param":"","_seopress_redirections_type":301,"_seopress_analysis_target_kw":"","_seopress_news_disabled":"","_seopress_video_disabled":"","_seopress_video":[],"_seopress_pro_schemas_manual":[],"_seopress_pro_rich_snippets_disable_all":"","_seopress_pro_rich_snippets_disable":[],"_seopress_pro_schemas":[],"footnotes":""},"categories":[312],"tags":[],"edition":[529],"class_list":["post-135596","post","type-post","status-publish","format-standard","has-post-thumbnail","hentry","category-insights-en-2","edition-tl-gent-2026"],"_links":{"self":[{"href":"https:\/\/www.transport-logistics.be\/fr\/wp-json\/wp\/v2\/posts\/135596","targetHints":{"allow":["GET"]}}],"collection":[{"href":"https:\/\/www.transport-logistics.be\/fr\/wp-json\/wp\/v2\/posts"}],"about":[{"href":"https:\/\/www.transport-logistics.be\/fr\/wp-json\/wp\/v2\/types\/post"}],"author":[{"embeddable":true,"href":"https:\/\/www.transport-logistics.be\/fr\/wp-json\/wp\/v2\/users\/1651"}],"replies":[{"embeddable":true,"href":"https:\/\/www.transport-logistics.be\/fr\/wp-json\/wp\/v2\/comments?post=135596"}],"version-history":[{"count":1,"href":"https:\/\/www.transport-logistics.be\/fr\/wp-json\/wp\/v2\/posts\/135596\/revisions"}],"predecessor-version":[{"id":135597,"href":"https:\/\/www.transport-logistics.be\/fr\/wp-json\/wp\/v2\/posts\/135596\/revisions\/135597"}],"wp:featuredmedia":[{"embeddable":true,"href":"https:\/\/www.transport-logistics.be\/fr\/wp-json\/wp\/v2\/media\/135533"}],"wp:attachment":[{"href":"https:\/\/www.transport-logistics.be\/fr\/wp-json\/wp\/v2\/media?parent=135596"}],"wp:term":[{"taxonomy":"category","embeddable":true,"href":"https:\/\/www.transport-logistics.be\/fr\/wp-json\/wp\/v2\/categories?post=135596"},{"taxonomy":"post_tag","embeddable":true,"href":"https:\/\/www.transport-logistics.be\/fr\/wp-json\/wp\/v2\/tags?post=135596"},{"taxonomy":"edition","embeddable":true,"href":"https:\/\/www.transport-logistics.be\/fr\/wp-json\/wp\/v2\/edition?post=135596"}],"curies":[{"name":"wp","href":"https:\/\/api.w.org\/{rel}","templated":true}]}}