{"id":63384,"date":"2024-06-13T09:38:13","date_gmt":"2024-06-13T07:38:13","guid":{"rendered":"https:\/\/www.transport-logistics.be\/?p=63384"},"modified":"2024-06-13T11:38:47","modified_gmt":"2024-06-13T09:38:47","slug":"empack-2024-de-must-voor-wie-actief-is-in-de-verpakkingsindustrie","status":"publish","type":"post","link":"https:\/\/www.transport-logistics.be\/nl\/empack-2024-de-must-voor-wie-actief-is-in-de-verpakkingsindustrie\/","title":{"rendered":"Empack 2024: de must voor wie actief is in de verpakkingsindustrie!"},"content":{"rendered":"\t\t<div data-elementor-type=\"wp-post\" data-elementor-id=\"63384\" class=\"elementor elementor-63384\" data-elementor-post-type=\"post\">\n\t\t\t\t<div class=\"elementor-element elementor-element-ddd6deb e-flex e-con-boxed e-con e-parent\" data-id=\"ddd6deb\" data-element_type=\"container\">\n\t\t\t\t\t<div class=\"e-con-inner\">\n\t\t\t\t<div class=\"elementor-element elementor-element-b993675 elementor-widget elementor-widget-text-editor\" data-id=\"b993675\" data-element_type=\"widget\" data-widget_type=\"text-editor.default\">\n\t\t\t\t<div class=\"elementor-widget-container\">\n\t\t\t\t\t\t\t\t\t<p><strong>De gelijktijdige organisatie van Empack, Transport &amp; Logistics en Logistic &amp; Industrial Build in Flanders Expo was in 2022 meteen een schot in de roos. Dat smaakte naar meer. Op 17 en 18 september 2024 vindt de enige professionele verpakkingsbeurs in Belgi\u00eb daarom opnieuw plaats in Gent. Je krijgt er een overzicht van de volledige supply chain van de verpakkingsindustrie. Je komt er gratis in (maar vergeet je niet eerst te registreren).<\/strong><\/p><p>Voor de spelers uit de verpakkingsindustrie vormt Empack d\u00e9 Belgische afspraak van het jaar. Een niet te missen event om op de hoogte te blijven van alle ontwikkelingen in deze levendige sector. Ieder aspect van het vakgebied komt aan bod, van het creatieve ontwerp tot en met het vulproces. De organisatie bouwt verder op de vier solide pijlers van de voorgaande edities: beleven, ontmoeten, ontdekken, en zakendoen.<\/p><p><a href=\"https:\/\/www.empack.be\/nl\/\">Raadpleeg de website voor het laatste nieuws<\/a><\/p>\t\t\t\t\t\t\t\t<\/div>\n\t\t\t\t<\/div>\n\t\t\t\t\t<\/div>\n\t\t\t\t<\/div>\n\t\t<div class=\"elementor-element elementor-element-62c1638 e-flex e-con-boxed e-con e-parent\" data-id=\"62c1638\" data-element_type=\"container\">\n\t\t\t\t\t<div class=\"e-con-inner\">\n\t\t\t\t<div class=\"elementor-element elementor-element-ae5f84d elementor-widget elementor-widget-heading\" data-id=\"ae5f84d\" data-element_type=\"widget\" data-widget_type=\"heading.default\">\n\t\t\t\t<div class=\"elementor-widget-container\">\n\t\t\t\t\t<h2 class=\"elementor-heading-title elementor-size-default\">Empack 2024 speelt zijn troeven in Gent helemaal uit<\/h2>\t\t\t\t<\/div>\n\t\t\t\t<\/div>\n\t\t\t\t\t<\/div>\n\t\t\t\t<\/div>\n\t\t<div class=\"elementor-element elementor-element-9a9bdf4 e-flex e-con-boxed e-con e-parent\" data-id=\"9a9bdf4\" data-element_type=\"container\">\n\t\t\t\t\t<div class=\"e-con-inner\">\n\t\t\t\t<div class=\"elementor-element elementor-element-43e8fbe elementor-widget elementor-widget-text-editor\" data-id=\"43e8fbe\" data-element_type=\"widget\" data-widget_type=\"text-editor.default\">\n\t\t\t\t<div class=\"elementor-widget-container\">\n\t\t\t\t\t\t\t\t\t<p>De vakbeurs profiteert maximaal van de troeven van Flanders Expo als eventlocatie: vlot bereikbaar, centraal gelegen, volop parkeerfaciliteiten&#8230; Mede daarom trekt Empack in Gent, behalve bezoekers uit Oost- en West-Vlaanderen, ook ge\u00efnteresseerden uit Henegouwen en Noord-Frankrijk aan. Naast een logistieke hub vormt Gent tevens de thuishaven van tal van bedrijven uit de voedingsindustrie. Vandaar het succes van de combinatie met Transport &amp; Logistics en de logistieke vastgoedbeurs Logistic &amp; Industrial Build. De drie events versterken elkaar en plukken de vruchten van de onderlinge kruisbestuiving: exposanten bereiken een groter ge\u00efnteresseerd publiek, en bezoekers verkrijgen bredere kennis en inzichten.<\/p>\t\t\t\t\t\t\t\t<\/div>\n\t\t\t\t<\/div>\n\t\t\t\t\t<\/div>\n\t\t\t\t<\/div>\n\t\t<div class=\"elementor-element elementor-element-5bc12a6 e-flex e-con-boxed e-con e-parent\" data-id=\"5bc12a6\" data-element_type=\"container\">\n\t\t\t\t\t<div class=\"e-con-inner\">\n\t\t\t\t<div class=\"elementor-element elementor-element-6161c85 elementor-widget elementor-widget-heading\" data-id=\"6161c85\" data-element_type=\"widget\" data-widget_type=\"heading.default\">\n\t\t\t\t<div class=\"elementor-widget-container\">\n\t\t\t\t\t<h2 class=\"elementor-heading-title elementor-size-default\">Focus op de voedingsindustrie en e-commerce<\/h2>\t\t\t\t<\/div>\n\t\t\t\t<\/div>\n\t\t\t\t\t<\/div>\n\t\t\t\t<\/div>\n\t\t<div class=\"elementor-element elementor-element-aefd016 e-flex e-con-boxed e-con e-parent\" data-id=\"aefd016\" data-element_type=\"container\">\n\t\t\t\t\t<div class=\"e-con-inner\">\n\t\t\t\t<div class=\"elementor-element elementor-element-26c1214 elementor-widget elementor-widget-text-editor\" data-id=\"26c1214\" data-element_type=\"widget\" data-widget_type=\"text-editor.default\">\n\t\t\t\t<div class=\"elementor-widget-container\">\n\t\t\t\t\t\t\t\t\t<p>Enkel op Empack krijg je op een en dezelfde plaats een totaaloverzicht van alle oplossingen, trends, technologie\u00ebn en ontwikkelingen binnen de sector. \u00c9\u00e9n zone is specifiek gewijd aan de e-commerce, een recent businessmodel dat een enorme impact heeft op zowel de verpakkingsindustrie als op de logistieke sector. Er is een toenemende vraag naar innovatieve en duurzame verpakkingsoplossingen. Verder winnen ook aspecten als personalisering en klantenervaring aan belang. De logistieke wereld moet op haar beurt innoveren en gebruik maken van nieuwe technologie, zoals AI, om tegemoet te komen aan de almaar hogere vereisten die klanten stellen inzake levertermijnen. Daarom gaat het om een \u00b4duozone\u00b4, die zich letterlijk situeert op het raakvlak van Empack en Transport &amp; Logistics. Een ideaal platform dus voor innovatieve spelers om hun diensten en producten voor te stellen aan een ge\u00efnteresseerd publiek.<\/p>\t\t\t\t\t\t\t\t<\/div>\n\t\t\t\t<\/div>\n\t\t\t\t\t<\/div>\n\t\t\t\t<\/div>\n\t\t<div class=\"elementor-element elementor-element-1ef0dfb e-flex e-con-boxed e-con e-parent\" data-id=\"1ef0dfb\" data-element_type=\"container\">\n\t\t\t\t\t<div class=\"e-con-inner\">\n\t\t\t\t<div class=\"elementor-element elementor-element-d53411c elementor-widget elementor-widget-heading\" data-id=\"d53411c\" data-element_type=\"widget\" data-widget_type=\"heading.default\">\n\t\t\t\t<div class=\"elementor-widget-container\">\n\t\t\t\t\t<h2 class=\"elementor-heading-title elementor-size-default\">Wat kan je ontdekken en beleven op Empack 2024?<\/h2>\t\t\t\t<\/div>\n\t\t\t\t<\/div>\n\t\t\t\t\t<\/div>\n\t\t\t\t<\/div>\n\t\t<div class=\"elementor-element elementor-element-bffe350 e-flex e-con-boxed e-con e-parent\" data-id=\"bffe350\" data-element_type=\"container\">\n\t\t\t\t\t<div class=\"e-con-inner\">\n\t\t\t\t<div class=\"elementor-element elementor-element-76506c5 elementor-widget elementor-widget-text-editor\" data-id=\"76506c5\" data-element_type=\"widget\" data-widget_type=\"text-editor.default\">\n\t\t\t\t<div class=\"elementor-widget-container\">\n\t\t\t\t\t\t\t\t\t<p>De exposanten zijn actief in alle deelgebieden van de verpakkingsindustrie. Denk aan materialen (verpakking, vulmateriaal, lijm, tape), specifieke toepassingen (food, industri\u00eble goederen, smart packaging), en diensten (ontwerp, onderzoek, consulting). Daarnaast krijg je alle denkbare technieken te zien, zoals machines voor het voor het vormen, vullen, labelen, reinigen, etc. Naar goede gewoonte werkte de organisatie in samenwerking met de partners bovendien een <a href=\"https:\/\/www.empack.be\/nl\/seminaries-2\/\">rijkelijk gevuld contentprogramma<\/a> uit. Vooraanstaande sprekers delen hun kennis en visie over de meest recente tendensen en evoluties. Ook interessant: diverse universiteiten en hogescholen stellen hun curcussen, onderzoeken en projecten voor. Kortom, na een bezoek aan Empack is je kennis weer helemaal up-to-date.<\/p>\t\t\t\t\t\t\t\t<\/div>\n\t\t\t\t<\/div>\n\t\t\t\t\t<\/div>\n\t\t\t\t<\/div>\n\t\t<div class=\"elementor-element elementor-element-51b3b95 e-flex e-con-boxed e-con e-parent\" data-id=\"51b3b95\" data-element_type=\"container\">\n\t\t\t\t\t<div class=\"e-con-inner\">\n\t\t\t\t<div class=\"elementor-element elementor-element-ac89f53 elementor-widget elementor-widget-heading\" data-id=\"ac89f53\" data-element_type=\"widget\" data-widget_type=\"heading.default\">\n\t\t\t\t<div class=\"elementor-widget-container\">\n\t\t\t\t\t<h2 class=\"elementor-heading-title elementor-size-default\">Praktische informatie<\/h2>\t\t\t\t<\/div>\n\t\t\t\t<\/div>\n\t\t\t\t\t<\/div>\n\t\t\t\t<\/div>\n\t\t<div class=\"elementor-element elementor-element-dbc4b3f e-flex e-con-boxed e-con e-parent\" data-id=\"dbc4b3f\" data-element_type=\"container\">\n\t\t\t\t\t<div class=\"e-con-inner\">\n\t\t\t\t<div class=\"elementor-element elementor-element-1537e29 elementor-widget elementor-widget-text-editor\" data-id=\"1537e29\" data-element_type=\"widget\" data-widget_type=\"text-editor.default\">\n\t\t\t\t<div class=\"elementor-widget-container\">\n\t\t\t\t\t\t\t\t\t<p>Empack 2024 vindt op 17 en 18 september gelijktijdig plaats met Transport &amp; Logistics en Logistic &amp; Industrial Build in Flanders Expo, in Gent. De toegang is gratis na registratie.<\/p>\t\t\t\t\t\t\t\t<\/div>\n\t\t\t\t<\/div>\n\t\t\t\t\t<\/div>\n\t\t\t\t<\/div>\n\t\t<div class=\"elementor-element elementor-element-98e170d e-flex e-con-boxed e-con e-parent\" data-id=\"98e170d\" data-element_type=\"container\">\n\t\t\t\t\t<div class=\"e-con-inner\">\n\t\t\t\t<div class=\"elementor-element elementor-element-ffb30a3 elementor-align-center elementor-widget elementor-widget-button\" data-id=\"ffb30a3\" data-element_type=\"widget\" data-widget_type=\"button.default\">\n\t\t\t\t<div class=\"elementor-widget-container\">\n\t\t\t\t\t\t\t\t\t<div class=\"elementor-button-wrapper\">\n\t\t\t\t\t<a class=\"elementor-button elementor-button-link elementor-size-sm\" href=\"\">\n\t\t\t\t\t\t<span class=\"elementor-button-content-wrapper\">\n\t\t\t\t\t\t\t\t\t<span class=\"elementor-button-text\">Registreer je nu!<\/span>\n\t\t\t\t\t<\/span>\n\t\t\t\t\t<\/a>\n\t\t\t\t<\/div>\n\t\t\t\t\t\t\t\t<\/div>\n\t\t\t\t<\/div>\n\t\t\t\t\t<\/div>\n\t\t\t\t<\/div>\n\t\t<div class=\"elementor-element elementor-element-82834c0 e-flex e-con-boxed e-con e-parent\" data-id=\"82834c0\" data-element_type=\"container\">\n\t\t\t\t\t<div class=\"e-con-inner\">\n\t\t\t\t<div class=\"elementor-element elementor-element-bf9f223 elementor-widget elementor-widget-text-editor\" data-id=\"bf9f223\" data-element_type=\"widget\" data-widget_type=\"text-editor.default\">\n\t\t\t\t<div class=\"elementor-widget-container\">\n\t\t\t\t\t\t\t\t\t<p>De grootste sectorale vakbeurs van het land mag je zeker niet missen. Schrijf je snel in, of\u00a0<a href=\"mailto:Sara.Kennis@easyfairs.com\" data-cmp-ab=\"2\">reserveer vandaag nog je stand<\/a>\u00a0in Flanders Expo.<\/p>\t\t\t\t\t\t\t\t<\/div>\n\t\t\t\t<\/div>\n\t\t\t\t\t<\/div>\n\t\t\t\t<\/div>\n\t\t\t\t<\/div>\n\t\t","protected":false},"excerpt":{"rendered":"<p>De gelijktijdige organisatie van Empack, Transport &amp; Logistics en Logistic &amp; Industrial Build in Flanders Expo was in 2022 meteen een schot in de roos. Dat smaakte naar meer. Op 17 en 18 september 2024 vindt de enige professionele verpakkingsbeurs in Belgi\u00eb daarom opnieuw plaats in Gent. Je krijgt er een overzicht van de volledige [&hellip;]<\/p>\n","protected":false},"author":949,"featured_media":63428,"comment_status":"closed","ping_status":"open","sticky":false,"template":"","format":"standard","meta":{"_seopress_robots_primary_cat":"none","_seopress_titles_title":"Empack 2024 in Flanders Expo - Gent","_seopress_titles_desc":"Empack is de grootste vakbeurs voor de verpakkingsindustrie in Belgi\u00eb. In 2024 wordt hij gelijktijdig met Transport &amp; Logistics en georganiseerd in Gent.","_seopress_robots_index":"","footnotes":""},"categories":[1],"tags":[],"edition":[],"class_list":["post-63384","post","type-post","status-publish","format-standard","has-post-thumbnail","hentry","category-geen-onderdeel-van-een-categorie"],"_links":{"self":[{"href":"https:\/\/www.transport-logistics.be\/nl\/wp-json\/wp\/v2\/posts\/63384","targetHints":{"allow":["GET"]}}],"collection":[{"href":"https:\/\/www.transport-logistics.be\/nl\/wp-json\/wp\/v2\/posts"}],"about":[{"href":"https:\/\/www.transport-logistics.be\/nl\/wp-json\/wp\/v2\/types\/post"}],"author":[{"embeddable":true,"href":"https:\/\/www.transport-logistics.be\/nl\/wp-json\/wp\/v2\/users\/949"}],"replies":[{"embeddable":true,"href":"https:\/\/www.transport-logistics.be\/nl\/wp-json\/wp\/v2\/comments?post=63384"}],"version-history":[{"count":5,"href":"https:\/\/www.transport-logistics.be\/nl\/wp-json\/wp\/v2\/posts\/63384\/revisions"}],"predecessor-version":[{"id":63444,"href":"https:\/\/www.transport-logistics.be\/nl\/wp-json\/wp\/v2\/posts\/63384\/revisions\/63444"}],"wp:featuredmedia":[{"embeddable":true,"href":"https:\/\/www.transport-logistics.be\/nl\/wp-json\/wp\/v2\/media\/63428"}],"wp:attachment":[{"href":"https:\/\/www.transport-logistics.be\/nl\/wp-json\/wp\/v2\/media?parent=63384"}],"wp:term":[{"taxonomy":"category","embeddable":true,"href":"https:\/\/www.transport-logistics.be\/nl\/wp-json\/wp\/v2\/categories?post=63384"},{"taxonomy":"post_tag","embeddable":true,"href":"https:\/\/www.transport-logistics.be\/nl\/wp-json\/wp\/v2\/tags?post=63384"},{"taxonomy":"edition","embeddable":true,"href":"https:\/\/www.transport-logistics.be\/nl\/wp-json\/wp\/v2\/edition?post=63384"}],"curies":[{"name":"wp","href":"https:\/\/api.w.org\/{rel}","templated":true}]}}